{"id":1014,"date":"2017-08-15T11:00:46","date_gmt":"2017-08-15T11:00:46","guid":{"rendered":"http:\/\/www.colegiodicavalcanti.com.br\/site\/?p=1014"},"modified":"2018-12-14T10:02:26","modified_gmt":"2018-12-14T10:02:26","slug":"dislexia","status":"publish","type":"post","link":"https:\/\/www.colegiodicavalcanti.com.br\/site\/dislexia\/","title":{"rendered":"Dislexia?"},"content":{"rendered":"<p><img loading=\"lazy\" class=\"size-full wp-image-1015\" src=\"http:\/\/www.colegiodicavalcanti.com.br\/site\/wp-content\/uploads\/2017\/08\/20668601_757885127729404_1128107268_n.png\" alt=\"20668601_757885127729404_1128107268_n\" width=\"740\" height=\"400\" srcset=\"https:\/\/www.colegiodicavalcanti.com.br\/site\/wp-content\/uploads\/2017\/08\/20668601_757885127729404_1128107268_n.png 740w, https:\/\/www.colegiodicavalcanti.com.br\/site\/wp-content\/uploads\/2017\/08\/20668601_757885127729404_1128107268_n-300x162.png 300w\" sizes=\"(max-width: 740px) 100vw, 740px\" \/><\/p>\n<p>O que \u00e9 dislexia?<\/p>\n<p>A Dislexia do desenvolvimento \u00e9 considerada um transtorno espec\u00edfico de aprendizagem de origem neurobiol\u00f3gica, caracterizada por dificuldade no reconhecimento preciso e\/ou fluente da palavra, na habilidade de decodifica\u00e7\u00e3o e em soletra\u00e7\u00e3o.<\/p>\n<p>Essas dificuldades normalmente resultam de um d\u00e9ficit no componente fonol\u00f3gico da linguagem e s\u00e3o inesperadas em rela\u00e7\u00e3o \u00e0 idade e outras habilidades cognitivas. (Defini\u00e7\u00e3o adotada pela IDA \u2013 International Dyslexia Association, em 2002. Essa tamb\u00e9m \u00e9 a defini\u00e7\u00e3o usada pelo National Institute of Child Health and Human Development \u2013 NICHD). Poss\u00edveis Sinais Alguns sinais na Pr\u00e9-escola Dispers\u00e3o; Fraco desenvolvimento da aten\u00e7\u00e3o; Atraso do desenvolvimento da fala e da linguagem Dificuldade de aprender rimas e can\u00e7\u00f5es; Fraco desenvolvimento da coordena\u00e7\u00e3o motora; Dificuldade com quebra-cabe\u00e7as; Falta de interesse por livros impressos.<\/p>\n<p>Alguns sinais na Idade Escolar Dificuldade na aquisi\u00e7\u00e3o e automa\u00e7\u00e3o da leitura e da escrita; Pobre conhecimento de rima (sons iguais no final das palavras) e alitera\u00e7\u00e3o (sons iguais no in\u00edcio das palavras); Desaten\u00e7\u00e3o e dispers\u00e3o; Dificuldade em copiar de livros e da lousa; Dificuldade na coordena\u00e7\u00e3o motora fina (letras, desenhos, pinturas etc.) e\/ou grossa (gin\u00e1stica, dan\u00e7a etc.); Desorganiza\u00e7\u00e3o geral, constantes atrasos na entrega de trabalho escolares e perda de seus pertences; Confus\u00e3o para nomear entre esquerda e direita; Dificuldade em manusear mapas, dicion\u00e1rios, listas telef\u00f4nicas etc.; Vocabul\u00e1rio pobre, com senten\u00e7as curtas e imaturas ou longas e vagas;<\/p>\n","protected":false},"excerpt":{"rendered":"<p>O que \u00e9 dislexia? A Dislexia do desenvolvimento \u00e9 considerada [&hellip;]<\/p>\n","protected":false},"author":1,"featured_media":564,"comment_status":"closed","ping_status":"open","sticky":false,"template":"","format":"standard","meta":[],"categories":[3],"tags":[],"_links":{"self":[{"href":"https:\/\/www.colegiodicavalcanti.com.br\/site\/wp-json\/wp\/v2\/posts\/1014"}],"collection":[{"href":"https:\/\/www.colegiodicavalcanti.com.br\/site\/wp-json\/wp\/v2\/posts"}],"about":[{"href":"https:\/\/www.colegiodicavalcanti.com.br\/site\/wp-json\/wp\/v2\/types\/post"}],"author":[{"embeddable":true,"href":"https:\/\/www.colegiodicavalcanti.com.br\/site\/wp-json\/wp\/v2\/users\/1"}],"replies":[{"embeddable":true,"href":"https:\/\/www.colegiodicavalcanti.com.br\/site\/wp-json\/wp\/v2\/comments?post=1014"}],"version-history":[{"count":3,"href":"https:\/\/www.colegiodicavalcanti.com.br\/site\/wp-json\/wp\/v2\/posts\/1014\/revisions"}],"predecessor-version":[{"id":1018,"href":"https:\/\/www.colegiodicavalcanti.com.br\/site\/wp-json\/wp\/v2\/posts\/1014\/revisions\/1018"}],"wp:featuredmedia":[{"embeddable":true,"href":"https:\/\/www.colegiodicavalcanti.com.br\/site\/wp-json\/wp\/v2\/media\/564"}],"wp:attachment":[{"href":"https:\/\/www.colegiodicavalcanti.com.br\/site\/wp-json\/wp\/v2\/media?parent=1014"}],"wp:term":[{"taxonomy":"category","embeddable":true,"href":"https:\/\/www.colegiodicavalcanti.com.br\/site\/wp-json\/wp\/v2\/categories?post=1014"},{"taxonomy":"post_tag","embeddable":true,"href":"https:\/\/www.colegiodicavalcanti.com.br\/site\/wp-json\/wp\/v2\/tags?post=1014"}],"curies":[{"name":"wp","href":"https:\/\/api.w.org\/{rel}","templated":true}]}}