{"id":1155,"date":"2018-10-05T14:15:32","date_gmt":"2018-10-05T14:15:32","guid":{"rendered":"http:\/\/www.colegiodicavalcanti.com.br\/site\/?p=1155"},"modified":"2019-08-04T10:36:38","modified_gmt":"2019-08-04T10:36:38","slug":"rematricula-2019","status":"publish","type":"post","link":"https:\/\/www.colegiodicavalcanti.com.br\/site\/rematricula-2019\/","title":{"rendered":"Rematr\u00edcula 2019"},"content":{"rendered":"<p>Matr\u00edculas e Rematr\u00edculas est\u00e3o abertas para 2019, Col\u00e9gio Di Cavalcanti levanto conhecimento para um futuro melhor aos seus filhos.<\/p>\n<p>&nbsp;<\/p>\n<p><img loading=\"lazy\" class=\"aligncenter size-full wp-image-1153\" src=\"http:\/\/www.colegiodicavalcanti.com.br\/site\/wp-content\/uploads\/2018\/10\/Post.jpg\" alt=\"\" width=\"750\" height=\"1000\" srcset=\"https:\/\/www.colegiodicavalcanti.com.br\/site\/wp-content\/uploads\/2018\/10\/Post.jpg 750w, https:\/\/www.colegiodicavalcanti.com.br\/site\/wp-content\/uploads\/2018\/10\/Post-225x300.jpg 225w\" sizes=\"(max-width: 750px) 100vw, 750px\" \/><\/p>\n","protected":false},"excerpt":{"rendered":"<p>Matr\u00edculas e Rematr\u00edculas est\u00e3o abertas para 2019, Col\u00e9gio Di Cavalcanti [&hellip;]<\/p>\n","protected":false},"author":1,"featured_media":0,"comment_status":"closed","ping_status":"open","sticky":false,"template":"","format":"standard","meta":[],"categories":[7],"tags":[],"_links":{"self":[{"href":"https:\/\/www.colegiodicavalcanti.com.br\/site\/wp-json\/wp\/v2\/posts\/1155"}],"collection":[{"href":"https:\/\/www.colegiodicavalcanti.com.br\/site\/wp-json\/wp\/v2\/posts"}],"about":[{"href":"https:\/\/www.colegiodicavalcanti.com.br\/site\/wp-json\/wp\/v2\/types\/post"}],"author":[{"embeddable":true,"href":"https:\/\/www.colegiodicavalcanti.com.br\/site\/wp-json\/wp\/v2\/users\/1"}],"replies":[{"embeddable":true,"href":"https:\/\/www.colegiodicavalcanti.com.br\/site\/wp-json\/wp\/v2\/comments?post=1155"}],"version-history":[{"count":3,"href":"https:\/\/www.colegiodicavalcanti.com.br\/site\/wp-json\/wp\/v2\/posts\/1155\/revisions"}],"predecessor-version":[{"id":1158,"href":"https:\/\/www.colegiodicavalcanti.com.br\/site\/wp-json\/wp\/v2\/posts\/1155\/revisions\/1158"}],"wp:attachment":[{"href":"https:\/\/www.colegiodicavalcanti.com.br\/site\/wp-json\/wp\/v2\/media?parent=1155"}],"wp:term":[{"taxonomy":"category","embeddable":true,"href":"https:\/\/www.colegiodicavalcanti.com.br\/site\/wp-json\/wp\/v2\/categories?post=1155"},{"taxonomy":"post_tag","embeddable":true,"href":"https:\/\/www.colegiodicavalcanti.com.br\/site\/wp-json\/wp\/v2\/tags?post=1155"}],"curies":[{"name":"wp","href":"https:\/\/api.w.org\/{rel}","templated":true}]}}